{"id":526,"date":"2026-09-02T14:24:26","date_gmt":"2026-09-02T14:24:26","guid":{"rendered":"https:\/\/nuevasalta.com.ar\/nueva\/?p=526"},"modified":"2026-09-02T14:25:07","modified_gmt":"2026-09-02T14:25:07","slug":"el-ex-periodista-julio-devita-es-descubierto-como-noqui","status":"publish","type":"post","link":"https:\/\/nuevasalta.com.ar\/nueva\/el-ex-periodista-julio-devita-es-descubierto-como-noqui\/","title":{"rendered":"El ex periodista Julio devita, es descubierto como \u00f1oqui."},"content":{"rendered":"<p>Seg\u00fan se di\u00f3 a conocer esta semana el ex periodista Julio de Vita, el cual no trabaja en medios desde hace m\u00e1s de 20 a\u00f1os, tras su paso por la pol\u00edtica dentro del partido renovador de salta.<\/p>\n<p>Al parecer aprendi\u00f3 a no trabajar y vivir de \u00f1oqui, dado que est\u00e1 semana se di\u00f3 a conocer que figuraba como empleado de planta en Tartagal,siendo que vive en Salta capital desde hace mas 30 a\u00f1os.<\/p>\n<p>A Julio devita se lo recuerda en el rubro del periodismo salte\u00f1o, por su pasos por canal 11 de Salta y por los enfrentamientos en el rainting local que ten\u00eda con el periodista Martin grande. \u00c9pocas en las cuales ambos supieron manejar el prime time de los programas pol\u00edticos de Salta.<\/p>\n<p>Es importante destacar que Julio de Vita es pariente del empresario local Tito devita, pero Tito de Vita era vendedor de autos y no estudi\u00f3 ciencias de la comunicaci\u00f3n, a diferencia que Julio devita, que si estudio ciencias de la comunicaci\u00f3n en la universidad cat\u00f3lica de salta.<\/p>\n","protected":false},"excerpt":{"rendered":"<p>Seg\u00fan se di\u00f3 a conocer esta semana el ex periodista Julio de Vita, el cual no trabaja en medios desde hace m\u00e1s de 20 a\u00f1os, tras su paso por la pol\u00edtica dentro del partido renovador de salta. Al parecer aprendi\u00f3 a no trabajar y vivir de \u00f1oqui, dado que est\u00e1 semana se di\u00f3 a conocer [&hellip;]<\/p>\n","protected":false},"author":3,"featured_media":528,"comment_status":"open","ping_status":"open","sticky":false,"template":"","format":"standard","meta":{"footnotes":""},"categories":[1],"tags":[],"class_list":["post-526","post","type-post","status-publish","format-standard","has-post-thumbnail","hentry","category-municipales"],"_links":{"self":[{"href":"https:\/\/nuevasalta.com.ar\/nueva\/wp-json\/wp\/v2\/posts\/526","targetHints":{"allow":["GET"]}}],"collection":[{"href":"https:\/\/nuevasalta.com.ar\/nueva\/wp-json\/wp\/v2\/posts"}],"about":[{"href":"https:\/\/nuevasalta.com.ar\/nueva\/wp-json\/wp\/v2\/types\/post"}],"author":[{"embeddable":true,"href":"https:\/\/nuevasalta.com.ar\/nueva\/wp-json\/wp\/v2\/users\/3"}],"replies":[{"embeddable":true,"href":"https:\/\/nuevasalta.com.ar\/nueva\/wp-json\/wp\/v2\/comments?post=526"}],"version-history":[{"count":1,"href":"https:\/\/nuevasalta.com.ar\/nueva\/wp-json\/wp\/v2\/posts\/526\/revisions"}],"predecessor-version":[{"id":527,"href":"https:\/\/nuevasalta.com.ar\/nueva\/wp-json\/wp\/v2\/posts\/526\/revisions\/527"}],"wp:featuredmedia":[{"embeddable":true,"href":"https:\/\/nuevasalta.com.ar\/nueva\/wp-json\/wp\/v2\/media\/528"}],"wp:attachment":[{"href":"https:\/\/nuevasalta.com.ar\/nueva\/wp-json\/wp\/v2\/media?parent=526"}],"wp:term":[{"taxonomy":"category","embeddable":true,"href":"https:\/\/nuevasalta.com.ar\/nueva\/wp-json\/wp\/v2\/categories?post=526"},{"taxonomy":"post_tag","embeddable":true,"href":"https:\/\/nuevasalta.com.ar\/nueva\/wp-json\/wp\/v2\/tags?post=526"}],"curies":[{"name":"wp","href":"https:\/\/api.w.org\/{rel}","templated":true}]}}