{"id":518,"date":"2026-09-02T14:11:00","date_gmt":"2026-09-02T14:11:00","guid":{"rendered":"https:\/\/nuevasalta.com.ar\/nueva\/?p=518"},"modified":"2026-09-02T14:17:35","modified_gmt":"2026-09-02T14:17:35","slug":"ordenan-la-detencion-del-ex-director-del-afip-salta","status":"publish","type":"post","link":"https:\/\/nuevasalta.com.ar\/nueva\/ordenan-la-detencion-del-ex-director-del-afip-salta\/","title":{"rendered":"Ordenan la detenci\u00f3n del ex director del AFIP Salta."},"content":{"rendered":"<p>En el d\u00eda de ayer se di\u00f3 a conocer la detenci\u00f3n del ex director del AFIP, tras confirmarse su condena por delitos de \u00edndole econ\u00f3mico.<\/p>\n<p>Seg\u00fan transendio en otros medios la pena impuesta ser\u00eda de 4 a\u00f1os, por lo que deber\u00eda cumplirla de manera efectiva, sujeto a la libertad condicional que se le podr\u00eda otorgar una vez cumplido el plazo legal de las 2\/3 partes de la condena. Eso quiere decir que deber\u00eda estar detenido por lo menos 3 a\u00f1os y medio, sin perjuicio que pudiera otorgarse el beneficio de la prisi\u00f3n domiciliaria, seg\u00fan las causales previstas por la ley de ejecuci\u00f3n penal.<\/p>\n","protected":false},"excerpt":{"rendered":"<p>En el d\u00eda de ayer se di\u00f3 a conocer la detenci\u00f3n del ex director del AFIP, tras confirmarse su condena por delitos de \u00edndole econ\u00f3mico. Seg\u00fan transendio en otros medios la pena impuesta ser\u00eda de 4 a\u00f1os, por lo que deber\u00eda cumplirla de manera efectiva, sujeto a la libertad condicional que se le podr\u00eda otorgar [&hellip;]<\/p>\n","protected":false},"author":3,"featured_media":525,"comment_status":"open","ping_status":"open","sticky":false,"template":"","format":"standard","meta":{"footnotes":""},"categories":[2],"tags":[],"class_list":["post-518","post","type-post","status-publish","format-standard","has-post-thumbnail","hentry","category-provinciales"],"_links":{"self":[{"href":"https:\/\/nuevasalta.com.ar\/nueva\/wp-json\/wp\/v2\/posts\/518","targetHints":{"allow":["GET"]}}],"collection":[{"href":"https:\/\/nuevasalta.com.ar\/nueva\/wp-json\/wp\/v2\/posts"}],"about":[{"href":"https:\/\/nuevasalta.com.ar\/nueva\/wp-json\/wp\/v2\/types\/post"}],"author":[{"embeddable":true,"href":"https:\/\/nuevasalta.com.ar\/nueva\/wp-json\/wp\/v2\/users\/3"}],"replies":[{"embeddable":true,"href":"https:\/\/nuevasalta.com.ar\/nueva\/wp-json\/wp\/v2\/comments?post=518"}],"version-history":[{"count":3,"href":"https:\/\/nuevasalta.com.ar\/nueva\/wp-json\/wp\/v2\/posts\/518\/revisions"}],"predecessor-version":[{"id":521,"href":"https:\/\/nuevasalta.com.ar\/nueva\/wp-json\/wp\/v2\/posts\/518\/revisions\/521"}],"wp:featuredmedia":[{"embeddable":true,"href":"https:\/\/nuevasalta.com.ar\/nueva\/wp-json\/wp\/v2\/media\/525"}],"wp:attachment":[{"href":"https:\/\/nuevasalta.com.ar\/nueva\/wp-json\/wp\/v2\/media?parent=518"}],"wp:term":[{"taxonomy":"category","embeddable":true,"href":"https:\/\/nuevasalta.com.ar\/nueva\/wp-json\/wp\/v2\/categories?post=518"},{"taxonomy":"post_tag","embeddable":true,"href":"https:\/\/nuevasalta.com.ar\/nueva\/wp-json\/wp\/v2\/tags?post=518"}],"curies":[{"name":"wp","href":"https:\/\/api.w.org\/{rel}","templated":true}]}}