{"id":285,"date":"2026-04-30T16:12:45","date_gmt":"2026-04-30T16:12:45","guid":{"rendered":"https:\/\/nuevasalta.com.ar\/nueva\/?p=285"},"modified":"2026-04-30T16:15:16","modified_gmt":"2026-04-30T16:15:16","slug":"la-justicia-de-tucuman-ordena-a-colegio-a-inscribir-a-un-alumno","status":"publish","type":"post","link":"https:\/\/nuevasalta.com.ar\/nueva\/la-justicia-de-tucuman-ordena-a-colegio-a-inscribir-a-un-alumno\/","title":{"rendered":"La justicia de Tucum\u00e1n, ordena a colegio a inscribir a un alumno discapacitado."},"content":{"rendered":"<p>La justicia civil de Tucum\u00e1n orden\u00f3 mediante la resoluci\u00f3n de un amparo a la inscripci\u00f3n de un alumno que sufr\u00eda s\u00edntoma de Asperger.<\/p>\n<p>As\u00ed tambien la jueza orden\u00f3 que todo los miembros directivos de dicho colegio, realicen una formaci\u00f3n en tratamientos de s\u00edntomas de discapacidad de ni\u00f1os.<\/p>\n<p>La jueza tambi\u00e9n aclaro que un colegio no puede similar no tener vacante, bajo la supuestas excusas administrativas. Y que en el caso planteado era claro que la denegacion a la inscripci\u00f3n del menor se debi\u00f3 a su s\u00edntoma de discapacidad.<\/p>\n","protected":false},"excerpt":{"rendered":"<p>La justicia civil de Tucum\u00e1n orden\u00f3 mediante la resoluci\u00f3n de un amparo a la inscripci\u00f3n de un alumno que sufr\u00eda s\u00edntoma de Asperger. As\u00ed tambien la jueza orden\u00f3 que todo los miembros directivos de dicho colegio, realicen una formaci\u00f3n en tratamientos de s\u00edntomas de discapacidad de ni\u00f1os. La jueza tambi\u00e9n aclaro que un colegio no [&hellip;]<\/p>\n","protected":false},"author":3,"featured_media":287,"comment_status":"open","ping_status":"open","sticky":false,"template":"","format":"standard","meta":{"footnotes":""},"categories":[1,2],"tags":[],"class_list":["post-285","post","type-post","status-publish","format-standard","has-post-thumbnail","hentry","category-municipales","category-provinciales"],"_links":{"self":[{"href":"https:\/\/nuevasalta.com.ar\/nueva\/wp-json\/wp\/v2\/posts\/285","targetHints":{"allow":["GET"]}}],"collection":[{"href":"https:\/\/nuevasalta.com.ar\/nueva\/wp-json\/wp\/v2\/posts"}],"about":[{"href":"https:\/\/nuevasalta.com.ar\/nueva\/wp-json\/wp\/v2\/types\/post"}],"author":[{"embeddable":true,"href":"https:\/\/nuevasalta.com.ar\/nueva\/wp-json\/wp\/v2\/users\/3"}],"replies":[{"embeddable":true,"href":"https:\/\/nuevasalta.com.ar\/nueva\/wp-json\/wp\/v2\/comments?post=285"}],"version-history":[{"count":2,"href":"https:\/\/nuevasalta.com.ar\/nueva\/wp-json\/wp\/v2\/posts\/285\/revisions"}],"predecessor-version":[{"id":288,"href":"https:\/\/nuevasalta.com.ar\/nueva\/wp-json\/wp\/v2\/posts\/285\/revisions\/288"}],"wp:featuredmedia":[{"embeddable":true,"href":"https:\/\/nuevasalta.com.ar\/nueva\/wp-json\/wp\/v2\/media\/287"}],"wp:attachment":[{"href":"https:\/\/nuevasalta.com.ar\/nueva\/wp-json\/wp\/v2\/media?parent=285"}],"wp:term":[{"taxonomy":"category","embeddable":true,"href":"https:\/\/nuevasalta.com.ar\/nueva\/wp-json\/wp\/v2\/categories?post=285"},{"taxonomy":"post_tag","embeddable":true,"href":"https:\/\/nuevasalta.com.ar\/nueva\/wp-json\/wp\/v2\/tags?post=285"}],"curies":[{"name":"wp","href":"https:\/\/api.w.org\/{rel}","templated":true}]}}