{"id":276,"date":"2026-04-28T13:12:26","date_gmt":"2026-04-28T13:12:26","guid":{"rendered":"https:\/\/nuevasalta.com.ar\/nueva\/?p=276"},"modified":"2026-04-30T13:13:20","modified_gmt":"2026-04-30T13:13:20","slug":"ya-funciona-en-el-ccm-el-consultorio-social-de-psicopedagogia-para-la-deteccion-de-tea","status":"publish","type":"post","link":"https:\/\/nuevasalta.com.ar\/nueva\/ya-funciona-en-el-ccm-el-consultorio-social-de-psicopedagogia-para-la-deteccion-de-tea\/","title":{"rendered":"Ya funciona en el CCM el consultorio social de psicopedagog\u00eda para la detecci\u00f3n de TEA"},"content":{"rendered":"<p>A d\u00edas de haberse habilitado el consultorio cl\u00ednico y social destinado a la detecci\u00f3n de trastornos del espectro autista (TEA). La Municipalidad inici\u00f3 la atenci\u00f3n en las instalaciones de la Direcci\u00f3n General de Discapacidad, situada en el acceso al Centro C\u00edvico Municipal en Avenida Paraguay 1240.<\/p>\n<p>Durante la primera atenci\u00f3n, Tania Saravia, directora general del \u00e1rea, destac\u00f3 el trabajo del municipio para acompa\u00f1ar a las familias salte\u00f1as que requieren de este tipo de evaluaciones especializadas.<\/p>\n<p>Marisel Velarde, madre de un ni\u00f1o, cont\u00f3 que present\u00f3 todos los papeles y pudo obtener el turno. \u00abAnimo a las madres que se acerquen y pidan al neur\u00f3logo el estudio para ayudar a nuestros hijos\u201d, concluy\u00f3.<\/p>\n<p>Es de destacar que el estudio ADOS-2 permite evaluar a pacientes de un amplio rango etario, abarcando desde beb\u00e9s de 12 meses hasta personas adultas. Con el test se identifica de manera temprana a quienes presentan s\u00edntomas compatibles con el espectro autista.<\/p>\n<p>Este nuevo espacio de atenci\u00f3n integral cuenta con el aval del Colegio Profesional de Psicopedagog\u00eda de Salta (CPPS).<\/p>\n<p>Para saber<\/p>\n<p>Los turnos se otorgan de manera presencial todos los lunes en el horario 8 a 13 en la oficina del ingreso a la Centro C\u00edvico Municipal y los requisitos son:<\/p>\n<p>Negativa de ANSES<br \/>\nDNI del paciente a evaluar y responsable a cargo (Domicilio en Salta \u2013 Capital)<br \/>\nCertificado de carente de recursos<br \/>\nPedido m\u00e9dico de neur\u00f3logo y\/o psicolog\u00eda<br \/>\nPor asesoramiento, los vecinos podr\u00e1n hacer consultas al 08001225521<\/p>\n","protected":false},"excerpt":{"rendered":"<p>A d\u00edas de haberse habilitado el consultorio cl\u00ednico y social destinado a la detecci\u00f3n de trastornos del espectro autista (TEA). La Municipalidad inici\u00f3 la atenci\u00f3n en las instalaciones de la Direcci\u00f3n General de Discapacidad, situada en el acceso al Centro C\u00edvico Municipal en Avenida Paraguay 1240. Durante la primera atenci\u00f3n, Tania Saravia, directora general del [&hellip;]<\/p>\n","protected":false},"author":3,"featured_media":278,"comment_status":"open","ping_status":"open","sticky":false,"template":"","format":"standard","meta":{"footnotes":""},"categories":[2],"tags":[],"class_list":["post-276","post","type-post","status-publish","format-standard","has-post-thumbnail","hentry","category-provinciales"],"_links":{"self":[{"href":"https:\/\/nuevasalta.com.ar\/nueva\/wp-json\/wp\/v2\/posts\/276","targetHints":{"allow":["GET"]}}],"collection":[{"href":"https:\/\/nuevasalta.com.ar\/nueva\/wp-json\/wp\/v2\/posts"}],"about":[{"href":"https:\/\/nuevasalta.com.ar\/nueva\/wp-json\/wp\/v2\/types\/post"}],"author":[{"embeddable":true,"href":"https:\/\/nuevasalta.com.ar\/nueva\/wp-json\/wp\/v2\/users\/3"}],"replies":[{"embeddable":true,"href":"https:\/\/nuevasalta.com.ar\/nueva\/wp-json\/wp\/v2\/comments?post=276"}],"version-history":[{"count":1,"href":"https:\/\/nuevasalta.com.ar\/nueva\/wp-json\/wp\/v2\/posts\/276\/revisions"}],"predecessor-version":[{"id":277,"href":"https:\/\/nuevasalta.com.ar\/nueva\/wp-json\/wp\/v2\/posts\/276\/revisions\/277"}],"wp:featuredmedia":[{"embeddable":true,"href":"https:\/\/nuevasalta.com.ar\/nueva\/wp-json\/wp\/v2\/media\/278"}],"wp:attachment":[{"href":"https:\/\/nuevasalta.com.ar\/nueva\/wp-json\/wp\/v2\/media?parent=276"}],"wp:term":[{"taxonomy":"category","embeddable":true,"href":"https:\/\/nuevasalta.com.ar\/nueva\/wp-json\/wp\/v2\/categories?post=276"},{"taxonomy":"post_tag","embeddable":true,"href":"https:\/\/nuevasalta.com.ar\/nueva\/wp-json\/wp\/v2\/tags?post=276"}],"curies":[{"name":"wp","href":"https:\/\/api.w.org\/{rel}","templated":true}]}}