{"id":270,"date":"2026-04-29T13:10:46","date_gmt":"2026-04-29T13:10:46","guid":{"rendered":"https:\/\/nuevasalta.com.ar\/nueva\/?p=270"},"modified":"2026-04-30T13:11:01","modified_gmt":"2026-04-30T13:11:01","slug":"el-intendente-durand-anuncio-operaciones-gratuitas-de-cataratas-a-personas-sin-obra-social","status":"publish","type":"post","link":"https:\/\/nuevasalta.com.ar\/nueva\/el-intendente-durand-anuncio-operaciones-gratuitas-de-cataratas-a-personas-sin-obra-social\/","title":{"rendered":"El intendente Durand anunci\u00f3 operaciones gratuitas de cataratas a personas sin obra social"},"content":{"rendered":"<p>El intendente, Emiliano Durand, anunci\u00f3 la realizaci\u00f3n de operaciones gratuitas a personas con cataratas. Esta acci\u00f3n hist\u00f3rica y de alta complejidad, ser\u00e1 puesta en marcha junto a la Fundaci\u00f3n Oftalmol\u00f3gica Saravia Olmos.<\/p>\n<p>Para detectar los casos, se puso en marcha el operativo \u201cSalta Libre de Cataratas\u201d para brindar tratamiento, cirug\u00edas y seguimiento sin costo a vecinos sin obra social.<\/p>\n<p>La primera jornada se desarroll\u00f3 en las instalaciones del CIC de villa Asunci\u00f3n, donde vecinos de diferentes barrios fueron atendidos por un equipo de m\u00e9dicos oftalm\u00f3logos que efectu\u00f3 el diagn\u00f3stico y evaluaci\u00f3n para la posterior cirug\u00eda.<\/p>\n<p>Virginia Abdenur, profesional m\u00e9dico de la entidad social, explic\u00f3 que la primera jornada se explic\u00f3 a los vecinos que el objetivo de la campa\u00f1a es reducir la ceguera evitable y mejorar la calidad de vida.<\/p>\n<p>\u201cMuchos nos consultaron y pudieron despejar dudas. Vamos a realizar una evaluaci\u00f3n, diagn\u00f3stico, seguimiento y posterior cirug\u00eda a personas\u00a0que lo necesiten y no tengan cobertura social\u201d, expres\u00f3 la m\u00e9dica.<\/p>\n<p>&nbsp;<\/p>\n<p>Modalidad de atenci\u00f3n<\/p>\n<p>Ma\u00f1ana jueves 30 de abril desde las 17 hs se realizar\u00e1 el pr\u00f3ximo chequeo oftalmol\u00f3gico. Ser\u00e1 en el CIC de Constituci\u00f3n ubicado en Juan Manuel de Estrada y Pasaje S\/N, B\u00ba Constituci\u00f3n. La atenci\u00f3n ser\u00e1 por orden de llegada. Ante alguna consulta, los interesados podr\u00e1n comunicarse al 3872266146.<\/p>\n<p>El equipo de m\u00e9dicos oftalm\u00f3logos estar\u00e1n recorriendo los diferentes Centros Integradores Comunitarios durante todo el mes de mayo. Quienes necesiten m\u00e1s informaci\u00f3n podr\u00e1n acercarse hasta el CIC m\u00e1s cercano.<\/p>\n<p>&nbsp;<\/p>\n<p>Informaci\u00f3n de la OMS<\/p>\n<p>La catarata consiste en la opacificaci\u00f3n del cristalino, que provoca visi\u00f3n borrosa y puede causar ceguera, y afecta a m\u00e1s de 94 millones de personas en todo el mundo. Sin embargo, con una operaci\u00f3n sencilla que dura aproximadamente 15 minutos se puede restablecer la visi\u00f3n de forma inmediata y duradera.<\/p>\n<p>Seg\u00fan la informaci\u00f3n oficial de la Organizaci\u00f3n Mundial de la Salud (OMS), en las dos \u00faltimas d\u00e9cadas, la cobertura mundial de la cirug\u00eda de la catarata ha aumentado alrededor de un 15\u00a0%. La demanda general de esta intervenci\u00f3n se ha incrementado debido al envejecimiento de la poblaci\u00f3n y al aumento de los casos de p\u00e9rdida de visi\u00f3n por esa causa.<\/p>\n<p>Seg\u00fan las proyecciones m\u00e1s recientes, la cobertura crecer\u00e1 aproximadamente un 8,4\u00a0% durante la presente d\u00e9cada. No obstante, es preciso avanzar con mucha mayor rapidez para alcanzar el objetivo fijado por la Asamblea Mundial de la Salud de lograr un incremento del 30\u00a0% de aqu\u00ed a 2030.<\/p>\n","protected":false},"excerpt":{"rendered":"<p>El intendente, Emiliano Durand, anunci\u00f3 la realizaci\u00f3n de operaciones gratuitas a personas con cataratas. Esta acci\u00f3n hist\u00f3rica y de alta complejidad, ser\u00e1 puesta en marcha junto a la Fundaci\u00f3n Oftalmol\u00f3gica Saravia Olmos. Para detectar los casos, se puso en marcha el operativo \u201cSalta Libre de Cataratas\u201d para brindar tratamiento, cirug\u00edas y seguimiento sin costo a [&hellip;]<\/p>\n","protected":false},"author":3,"featured_media":271,"comment_status":"open","ping_status":"open","sticky":false,"template":"","format":"standard","meta":{"footnotes":""},"categories":[1,2],"tags":[],"class_list":["post-270","post","type-post","status-publish","format-standard","has-post-thumbnail","hentry","category-municipales","category-provinciales"],"_links":{"self":[{"href":"https:\/\/nuevasalta.com.ar\/nueva\/wp-json\/wp\/v2\/posts\/270","targetHints":{"allow":["GET"]}}],"collection":[{"href":"https:\/\/nuevasalta.com.ar\/nueva\/wp-json\/wp\/v2\/posts"}],"about":[{"href":"https:\/\/nuevasalta.com.ar\/nueva\/wp-json\/wp\/v2\/types\/post"}],"author":[{"embeddable":true,"href":"https:\/\/nuevasalta.com.ar\/nueva\/wp-json\/wp\/v2\/users\/3"}],"replies":[{"embeddable":true,"href":"https:\/\/nuevasalta.com.ar\/nueva\/wp-json\/wp\/v2\/comments?post=270"}],"version-history":[{"count":1,"href":"https:\/\/nuevasalta.com.ar\/nueva\/wp-json\/wp\/v2\/posts\/270\/revisions"}],"predecessor-version":[{"id":272,"href":"https:\/\/nuevasalta.com.ar\/nueva\/wp-json\/wp\/v2\/posts\/270\/revisions\/272"}],"wp:featuredmedia":[{"embeddable":true,"href":"https:\/\/nuevasalta.com.ar\/nueva\/wp-json\/wp\/v2\/media\/271"}],"wp:attachment":[{"href":"https:\/\/nuevasalta.com.ar\/nueva\/wp-json\/wp\/v2\/media?parent=270"}],"wp:term":[{"taxonomy":"category","embeddable":true,"href":"https:\/\/nuevasalta.com.ar\/nueva\/wp-json\/wp\/v2\/categories?post=270"},{"taxonomy":"post_tag","embeddable":true,"href":"https:\/\/nuevasalta.com.ar\/nueva\/wp-json\/wp\/v2\/tags?post=270"}],"curies":[{"name":"wp","href":"https:\/\/api.w.org\/{rel}","templated":true}]}}