{"id":263,"date":"2026-04-30T13:04:03","date_gmt":"2026-04-30T13:04:03","guid":{"rendered":"https:\/\/nuevasalta.com.ar\/nueva\/?p=263"},"modified":"2026-04-30T13:04:03","modified_gmt":"2026-04-30T13:04:03","slug":"tras-gestiones-de-saenz-se-concreto-el-pago-de-fondos-nacionales-a-instituciones-de-discapacidad","status":"publish","type":"post","link":"https:\/\/nuevasalta.com.ar\/nueva\/tras-gestiones-de-saenz-se-concreto-el-pago-de-fondos-nacionales-a-instituciones-de-discapacidad\/","title":{"rendered":"Tras gestiones de S\u00e1enz, se concret\u00f3 el pago de fondos nacionales a instituciones de discapacidad"},"content":{"rendered":"<p>El gobernador\u00a0Gustavo S\u00e1enz\u00a0y el ministro de Salud P\u00fablica,\u00a0Federico Mangione, volvieron a intervenir ante las autoridades nacionales para concretar la liberaci\u00f3n efectiva de las partidas presupuestarias destinadas al sector de la discapacidad. Tras estas nuevas gestiones ante el ministro de Salud de la Naci\u00f3n, Mario Lugones, se logr\u00f3 que los fondos \u2014que hab\u00edan sufrido demoras tras el anuncio inicial\u2014 comiencen a impactar hoy mismo en las cuentas de las instituciones del sector.<\/p>\n<p>Al respecto, el gobernador S\u00e1enz enfatiz\u00f3 que detr\u00e1s de cada una de estas instituciones \u201chay un equipo humano maravilloso, comprometido todos los d\u00edas con quienes m\u00e1s lo necesitan\u201d. A ellos el Gobernador les manifest\u00f3 su \u201crespeto y mi compromiso\u201d.<\/p>\n<p>Record\u00f3 el permanente acompa\u00f1amiento \u201cen los momentos m\u00e1s dif\u00edciles. Gobernar no es solo hacer obras, es poner el coraz\u00f3n donde m\u00e1s se necesita\u201d, dijo S\u00e1enz.<\/p>\n<p>Por su parte, el ministro Federico Mangione destac\u00f3 que, a pesar de las demoras administrativas de Naci\u00f3n, el Estado provincial mantuvo su presencia activa.<\/p>\n<p>Por ello, durante todo este tiempo de espera, el Gobierno de la Provincia se hizo cargo de los tratamientos m\u00e9dicos y de la provisi\u00f3n de insumos para los pacientes que se encuentran en instituciones que requieren internaci\u00f3n, garantizando que nadie quedara sin asistencia.<\/p>\n<p>La regularizaci\u00f3n de estos pagos asegura la continuidad de los tratamientos para 1.251 beneficiarios y el normal funcionamiento de 43 establecimientos en toda la provincia. En el transcurso de la jornada, las instituciones ver\u00e1n reflejada la acreditaci\u00f3n del dinero; de hecho, centros de referencia como HIRPACE y Divino Ni\u00f1o ya confirmaron haber recibido los fondos correspondientes.<\/p>\n<p>Esta nueva gesti\u00f3n del Ejecutivo provincial permite regularizar el flujo de pagos de las instituciones que cubren la prestaci\u00f3n b\u00e1sica de rehabilitaci\u00f3n y educaci\u00f3n, las cuales ven\u00edan afrontando serias dificultades operativas debido a los retrasos financieros, comprometiendo no solo el pago de salarios y servicios, sino tambi\u00e9n la calidad de vida de los pacientes.<\/p>\n","protected":false},"excerpt":{"rendered":"<p>El gobernador\u00a0Gustavo S\u00e1enz\u00a0y el ministro de Salud P\u00fablica,\u00a0Federico Mangione, volvieron a intervenir ante las autoridades nacionales para concretar la liberaci\u00f3n efectiva de las partidas presupuestarias destinadas al sector de la discapacidad. Tras estas nuevas gestiones ante el ministro de Salud de la Naci\u00f3n, Mario Lugones, se logr\u00f3 que los fondos \u2014que hab\u00edan sufrido demoras tras [&hellip;]<\/p>\n","protected":false},"author":3,"featured_media":264,"comment_status":"open","ping_status":"open","sticky":false,"template":"","format":"standard","meta":{"footnotes":""},"categories":[2],"tags":[],"class_list":["post-263","post","type-post","status-publish","format-standard","has-post-thumbnail","hentry","category-provinciales"],"_links":{"self":[{"href":"https:\/\/nuevasalta.com.ar\/nueva\/wp-json\/wp\/v2\/posts\/263","targetHints":{"allow":["GET"]}}],"collection":[{"href":"https:\/\/nuevasalta.com.ar\/nueva\/wp-json\/wp\/v2\/posts"}],"about":[{"href":"https:\/\/nuevasalta.com.ar\/nueva\/wp-json\/wp\/v2\/types\/post"}],"author":[{"embeddable":true,"href":"https:\/\/nuevasalta.com.ar\/nueva\/wp-json\/wp\/v2\/users\/3"}],"replies":[{"embeddable":true,"href":"https:\/\/nuevasalta.com.ar\/nueva\/wp-json\/wp\/v2\/comments?post=263"}],"version-history":[{"count":1,"href":"https:\/\/nuevasalta.com.ar\/nueva\/wp-json\/wp\/v2\/posts\/263\/revisions"}],"predecessor-version":[{"id":265,"href":"https:\/\/nuevasalta.com.ar\/nueva\/wp-json\/wp\/v2\/posts\/263\/revisions\/265"}],"wp:featuredmedia":[{"embeddable":true,"href":"https:\/\/nuevasalta.com.ar\/nueva\/wp-json\/wp\/v2\/media\/264"}],"wp:attachment":[{"href":"https:\/\/nuevasalta.com.ar\/nueva\/wp-json\/wp\/v2\/media?parent=263"}],"wp:term":[{"taxonomy":"category","embeddable":true,"href":"https:\/\/nuevasalta.com.ar\/nueva\/wp-json\/wp\/v2\/categories?post=263"},{"taxonomy":"post_tag","embeddable":true,"href":"https:\/\/nuevasalta.com.ar\/nueva\/wp-json\/wp\/v2\/tags?post=263"}],"curies":[{"name":"wp","href":"https:\/\/api.w.org\/{rel}","templated":true}]}}