{"id":260,"date":"2026-04-30T13:03:05","date_gmt":"2026-04-30T13:03:05","guid":{"rendered":"https:\/\/nuevasalta.com.ar\/nueva\/?p=260"},"modified":"2026-04-30T13:03:05","modified_gmt":"2026-04-30T13:03:05","slug":"salta-ratifica-su-protagonismo-nacional-con-el-regreso-de-la-copa-argentina","status":"publish","type":"post","link":"https:\/\/nuevasalta.com.ar\/nueva\/salta-ratifica-su-protagonismo-nacional-con-el-regreso-de-la-copa-argentina\/","title":{"rendered":"Salta ratifica su protagonismo nacional con el regreso de la Copa Argentina"},"content":{"rendered":"<p>Salta reafirma su posici\u00f3n como plaza estrat\u00e9gica del f\u00fatbol argentino. En una jornada de trabajo, la ministra de Turismo y Deportes,\u00a0Manuela Arancibia, junto al secretario de Deportes,\u00a0Ignacio Garc\u00eda Bes, recibi\u00f3 al director general de la Copa Argentina,\u00a0Alex Ganly; al gerente del torneo,\u00a0Leonardo Gallego; y al responsable de Relaciones Institucionales,\u00a0Guillermo Coppola, con el fin de definir la log\u00edstica del pr\u00f3ximo gran evento en suelo salte\u00f1o.<\/p>\n<p>Durante el encuentro, se confirm\u00f3 que el Estadio Padre Ernesto Martearena ser\u00e1 el escenario del duelo entre Banfield y San Mart\u00edn de Tucum\u00e1n el pr\u00f3ximo viernes 8 de mayo, a las 21:10. Este\u00a0cruce marca la continuidad de la provincia como sede clave en el cuadro de 16avos de final.<\/p>\n<p>Al respecto, Arancibia destac\u00f3 que \u201crecibir nuevamente este certamen es el resultado de una pol\u00edtica que entiende al deporte como un motor tur\u00edstico y econ\u00f3mico\u201d. Asimismo, se\u00f1al\u00f3 que \u201ctodo est\u00e1 preparado para brindar un espect\u00e1culo seguro y de calidad, demostrando que la provincia cuenta con la infraestructura necesaria para albergar encuentros de esta magnitud\u201d.<\/p>\n<p>Ganly, por su parte, ponder\u00f3 la relevancia de la plaza local y ratific\u00f3 el compromiso con Salta como \u201cun pilar fundamental para el car\u00e1cter federal del torneo\u201d. En sinton\u00eda, Gallego hizo hincapi\u00e9 en las condiciones operativas de la sede, indicando que \u201cel Martearena siempre supera las expectativas por el estado impecable del campo de juego y el cumplimiento de los requerimientos t\u00e9cnicos\u201d.<\/p>\n<p>Finalmente, Coppola adelant\u00f3 que el desarrollo del certamen podr\u00eda traer a Salta a otros grandes exponentes como River Plate, Atl\u00e9tico Tucum\u00e1n o Talleres de C\u00f3rdoba, dependiendo del avance de las llaves.<\/p>\n<p>Con esta iniciativa, Salta contin\u00faa fortaleciendo su calendario deportivo anual, atrayendo a miles de visitantes y posicionando la marca provincial en las pantallas de todo el pa\u00eds.<\/p>\n","protected":false},"excerpt":{"rendered":"<p>Salta reafirma su posici\u00f3n como plaza estrat\u00e9gica del f\u00fatbol argentino. En una jornada de trabajo, la ministra de Turismo y Deportes,\u00a0Manuela Arancibia, junto al secretario de Deportes,\u00a0Ignacio Garc\u00eda Bes, recibi\u00f3 al director general de la Copa Argentina,\u00a0Alex Ganly; al gerente del torneo,\u00a0Leonardo Gallego; y al responsable de Relaciones Institucionales,\u00a0Guillermo Coppola, con el fin de definir [&hellip;]<\/p>\n","protected":false},"author":3,"featured_media":261,"comment_status":"open","ping_status":"open","sticky":false,"template":"","format":"standard","meta":{"footnotes":""},"categories":[2],"tags":[],"class_list":["post-260","post","type-post","status-publish","format-standard","has-post-thumbnail","hentry","category-provinciales"],"_links":{"self":[{"href":"https:\/\/nuevasalta.com.ar\/nueva\/wp-json\/wp\/v2\/posts\/260","targetHints":{"allow":["GET"]}}],"collection":[{"href":"https:\/\/nuevasalta.com.ar\/nueva\/wp-json\/wp\/v2\/posts"}],"about":[{"href":"https:\/\/nuevasalta.com.ar\/nueva\/wp-json\/wp\/v2\/types\/post"}],"author":[{"embeddable":true,"href":"https:\/\/nuevasalta.com.ar\/nueva\/wp-json\/wp\/v2\/users\/3"}],"replies":[{"embeddable":true,"href":"https:\/\/nuevasalta.com.ar\/nueva\/wp-json\/wp\/v2\/comments?post=260"}],"version-history":[{"count":1,"href":"https:\/\/nuevasalta.com.ar\/nueva\/wp-json\/wp\/v2\/posts\/260\/revisions"}],"predecessor-version":[{"id":262,"href":"https:\/\/nuevasalta.com.ar\/nueva\/wp-json\/wp\/v2\/posts\/260\/revisions\/262"}],"wp:featuredmedia":[{"embeddable":true,"href":"https:\/\/nuevasalta.com.ar\/nueva\/wp-json\/wp\/v2\/media\/261"}],"wp:attachment":[{"href":"https:\/\/nuevasalta.com.ar\/nueva\/wp-json\/wp\/v2\/media?parent=260"}],"wp:term":[{"taxonomy":"category","embeddable":true,"href":"https:\/\/nuevasalta.com.ar\/nueva\/wp-json\/wp\/v2\/categories?post=260"},{"taxonomy":"post_tag","embeddable":true,"href":"https:\/\/nuevasalta.com.ar\/nueva\/wp-json\/wp\/v2\/tags?post=260"}],"curies":[{"name":"wp","href":"https:\/\/api.w.org\/{rel}","templated":true}]}}