{"id":257,"date":"2026-04-30T13:02:06","date_gmt":"2026-04-30T13:02:06","guid":{"rendered":"https:\/\/nuevasalta.com.ar\/nueva\/?p=257"},"modified":"2026-04-30T13:02:06","modified_gmt":"2026-04-30T13:02:06","slug":"el-gobierno-provincial-fortalece-su-alianza-con-samsung-para-impulsar-la-formacion-digital","status":"publish","type":"post","link":"https:\/\/nuevasalta.com.ar\/nueva\/el-gobierno-provincial-fortalece-su-alianza-con-samsung-para-impulsar-la-formacion-digital\/","title":{"rendered":"El Gobierno provincial fortalece su alianza con Samsung para impulsar la formaci\u00f3n digital"},"content":{"rendered":"<p>El Ministerio de Econom\u00eda y Servicios P\u00fablicos, a trav\u00e9s de la Secretar\u00eda de Modernizaci\u00f3n y Servicios P\u00fablicos, contin\u00faa articulando acciones con Samsung Argentina para ampliar propuestas de capacitaci\u00f3n digital y acercar nuevas oportunidades de formaci\u00f3n tecnol\u00f3gica a la provincia.<\/p>\n<p>Mart\u00edn G\u00fcemes,\u00a0secretario de Modernizaci\u00f3n y Servicios P\u00fablicos, se reuni\u00f3, en Buenos Aires, con Paula Possidente, responsable del segmento B2B de Samsung Argentina, y su equipo de trabajo, en el marco del programa de articulaci\u00f3n p\u00fablico-privada que impulsa la Secretar\u00eda para coordinar formaciones con las principales empresas de tecnolog\u00eda.<\/p>\n<p>Al respecto, el secretario G\u00fcemes, destac\u00f3 que es una pol\u00edtica de gesti\u00f3n impulsar alianzas estrat\u00e9gicas con las principales empresas tecnol\u00f3gicas para potenciar el desarrollo digital de la provincia.<\/p>\n<p>\u201cSeguimos generando oportunidades concretas para que los j\u00f3venes de Salta puedan acceder a formaci\u00f3n de calidad en \u00e1reas clave para el futuro, como la inteligencia artificial\u201d, manifest\u00f3.<\/p>\n<p>Como resultado de esta articulaci\u00f3n, Samsung Argentina habilit\u00f3 para la provincia el acceso al programa educativo gratuito Samsung Innovation Campus, una propuesta de formaci\u00f3n intensiva en inteligencia artificial destinada a j\u00f3venes de entre 16 y 24 a\u00f1os, que comenzar\u00e1 en junio y la preinscripci\u00f3n ya est\u00e1habilitada en acortar.link\/Sy3Mrm<\/p>\n<p>Durante la visita, tambi\u00e9n se realiz\u00f3 un balance del programa Samsung Solve for Tomorrow, iniciativa de Samsung Argentina orientada a promover la innovaci\u00f3n tecnol\u00f3gica en estudiantes de escuelas t\u00e9cnicas.<\/p>\n<p>En ese marco, Salta logr\u00f3 consolidarse como una de las provincias m\u00e1s destacadas del pa\u00eds dentro de esta propuesta, con m\u00e1s de 2.000 estudiantes capacitados en formulaci\u00f3n de proyectos y con la elecci\u00f3n de la provincia como sede del lanzamiento nacional 2026.<\/p>\n<p>Un hito destacado se registr\u00f3 en 2025, cuando estudiantes del Colegio N\u00b0 5086 de Campo Quijano ganaron el certamen nacional con Solar Pack, una mochila innovadora capaz de almacenar energ\u00eda solar para cargar dispositivos electr\u00f3nicos e iluminar espacios, posicionando a Salta como referente en innovaci\u00f3n educativa.<\/p>\n","protected":false},"excerpt":{"rendered":"<p>El Ministerio de Econom\u00eda y Servicios P\u00fablicos, a trav\u00e9s de la Secretar\u00eda de Modernizaci\u00f3n y Servicios P\u00fablicos, contin\u00faa articulando acciones con Samsung Argentina para ampliar propuestas de capacitaci\u00f3n digital y acercar nuevas oportunidades de formaci\u00f3n tecnol\u00f3gica a la provincia. Mart\u00edn G\u00fcemes,\u00a0secretario de Modernizaci\u00f3n y Servicios P\u00fablicos, se reuni\u00f3, en Buenos Aires, con Paula Possidente, responsable [&hellip;]<\/p>\n","protected":false},"author":3,"featured_media":258,"comment_status":"open","ping_status":"open","sticky":false,"template":"","format":"standard","meta":{"footnotes":""},"categories":[2],"tags":[],"class_list":["post-257","post","type-post","status-publish","format-standard","has-post-thumbnail","hentry","category-provinciales"],"_links":{"self":[{"href":"https:\/\/nuevasalta.com.ar\/nueva\/wp-json\/wp\/v2\/posts\/257","targetHints":{"allow":["GET"]}}],"collection":[{"href":"https:\/\/nuevasalta.com.ar\/nueva\/wp-json\/wp\/v2\/posts"}],"about":[{"href":"https:\/\/nuevasalta.com.ar\/nueva\/wp-json\/wp\/v2\/types\/post"}],"author":[{"embeddable":true,"href":"https:\/\/nuevasalta.com.ar\/nueva\/wp-json\/wp\/v2\/users\/3"}],"replies":[{"embeddable":true,"href":"https:\/\/nuevasalta.com.ar\/nueva\/wp-json\/wp\/v2\/comments?post=257"}],"version-history":[{"count":1,"href":"https:\/\/nuevasalta.com.ar\/nueva\/wp-json\/wp\/v2\/posts\/257\/revisions"}],"predecessor-version":[{"id":259,"href":"https:\/\/nuevasalta.com.ar\/nueva\/wp-json\/wp\/v2\/posts\/257\/revisions\/259"}],"wp:featuredmedia":[{"embeddable":true,"href":"https:\/\/nuevasalta.com.ar\/nueva\/wp-json\/wp\/v2\/media\/258"}],"wp:attachment":[{"href":"https:\/\/nuevasalta.com.ar\/nueva\/wp-json\/wp\/v2\/media?parent=257"}],"wp:term":[{"taxonomy":"category","embeddable":true,"href":"https:\/\/nuevasalta.com.ar\/nueva\/wp-json\/wp\/v2\/categories?post=257"},{"taxonomy":"post_tag","embeddable":true,"href":"https:\/\/nuevasalta.com.ar\/nueva\/wp-json\/wp\/v2\/tags?post=257"}],"curies":[{"name":"wp","href":"https:\/\/api.w.org\/{rel}","templated":true}]}}