{"id":243,"date":"2026-04-24T13:52:32","date_gmt":"2026-04-24T13:52:32","guid":{"rendered":"https:\/\/nuevasalta.com.ar\/nueva\/?p=243"},"modified":"2026-04-27T13:53:44","modified_gmt":"2026-04-27T13:53:44","slug":"los-representantes-del-transporte-del-norte-grande-analizaron-la-crisis-del-sistema-en-el-interior","status":"publish","type":"post","link":"https:\/\/nuevasalta.com.ar\/nueva\/los-representantes-del-transporte-del-norte-grande-analizaron-la-crisis-del-sistema-en-el-interior\/","title":{"rendered":"Los representantes del transporte del Norte Grande analizaron la crisis del sistema en el interior"},"content":{"rendered":"<p>En Salta se llev\u00f3 a cabo la reuni\u00f3n del Comit\u00e9 Federal de Transporte (Cofetra), con integrantes de la Regi\u00f3n del Norte Grande.<\/p>\n<p>En la oportunidad los representantes de Salta, La Rioja, Jujuy, Tucum\u00e1n, Catamarca y Corrientes analizaron y expusieron las diversas necesidades \u00a0que atraviesa el sistema de transporte en las provincias.<\/p>\n<p>En tal sentido el presidente del Cofetra y de la AMT,\u00a0Marcelo Ferraris\u00a0manifest\u00f3 que \u201cestamos muy preocupados con la realidad que est\u00e1 viviendo el transporte en toda la Argentina, particularmente en el Norte Grande hay una quita de subsidios muy importante por parte del Gobierno Nacional donde no logramos que la jurisdicciones puedan recibir lo que leg\u00edtimamente les corresponde; con problemas muy marcados de reducci\u00f3n de pasajeros en todas las jurisdicciones\u201d.<\/p>\n<p>En cuanto al beneficio de las gratuidades Ferraris aclar\u00f3 que \u201cen Salta tenemos un sistema de gratuidad muy amplio y ocupa un porcentaje muy alto de lo que es el transporte, recordemos de que aproximadamente de cada 10 pasajeros que utilizan el transporte 6 son gratuidades y eso es una situaci\u00f3n muy importante que el Gobernador Gustavo S\u00e1enz ha decidido sostener\u201d<\/p>\n<p>El presidente de Saeta,\u00a0Claudio Mohr\u00a0destac\u00f3 la importancia de la reuni\u00f3n \u201cdonde se pudo plasmar la situaci\u00f3n muy cr\u00edtica que es com\u00fan en el interior del pa\u00eds; con reducciones en los servicios, con ajustes en los beneficios, donde tambi\u00e9n hay aumentos de tarifa. Es una situaci\u00f3n muy apremiante muy cr\u00edtica y que pone en riesgo el sistema de transporte de pasajeros<\/p>\n<p>Tambi\u00e9n Mohr aclar\u00f3 que \u201clos subsidios que todos aportamos al fondo compensador de transporte quedan b\u00e1sicamente en el AMBA, esa es plata que no est\u00e1 regresando al interior y que genera una clara injusticia con los habitantes de la provincia\u201d.<br \/>\nPor su parte, la vicepresidente del Cofetra y secretaria de transporte \u00a0de La Rioja,\u00a0Alcira Brizuela\u00a0tambi\u00e9n manifest\u00f3 la preocupaci\u00f3n que se vive en su provincia resaltando que \u201cnosotros estamos en una baja del interurbano del 60%, \u00a0es una baja clave en el sistema, no se est\u00e1 pudiendo hacer un cambio de flota, es imposible comprar un colectivo nuevo.<\/p>\n<p>Adem\u00e1s, Brizuela enfatiz\u00f3 que \u201clas aplicaciones est\u00e1n destruyendo a todas las empresas de transporte del pa\u00eds.<\/p>\n<p>Participaron tambi\u00e9n en la reuni\u00f3n los representantes del transporte de Tucum\u00e1n, Vicente Nicastro; de Corrientes, Armando P\u00e9rez Moiraghi; de Catamarca, Lucas St\u00e4mpfli; de Jujuy, Pablo Giachino y la Gerente de Registro y Habilitaciones, Jesica Barcos.<\/p>\n","protected":false},"excerpt":{"rendered":"<p>En Salta se llev\u00f3 a cabo la reuni\u00f3n del Comit\u00e9 Federal de Transporte (Cofetra), con integrantes de la Regi\u00f3n del Norte Grande. En la oportunidad los representantes de Salta, La Rioja, Jujuy, Tucum\u00e1n, Catamarca y Corrientes analizaron y expusieron las diversas necesidades \u00a0que atraviesa el sistema de transporte en las provincias. En tal sentido el [&hellip;]<\/p>\n","protected":false},"author":3,"featured_media":244,"comment_status":"open","ping_status":"open","sticky":false,"template":"","format":"standard","meta":{"footnotes":""},"categories":[2],"tags":[],"class_list":["post-243","post","type-post","status-publish","format-standard","has-post-thumbnail","hentry","category-provinciales"],"_links":{"self":[{"href":"https:\/\/nuevasalta.com.ar\/nueva\/wp-json\/wp\/v2\/posts\/243","targetHints":{"allow":["GET"]}}],"collection":[{"href":"https:\/\/nuevasalta.com.ar\/nueva\/wp-json\/wp\/v2\/posts"}],"about":[{"href":"https:\/\/nuevasalta.com.ar\/nueva\/wp-json\/wp\/v2\/types\/post"}],"author":[{"embeddable":true,"href":"https:\/\/nuevasalta.com.ar\/nueva\/wp-json\/wp\/v2\/users\/3"}],"replies":[{"embeddable":true,"href":"https:\/\/nuevasalta.com.ar\/nueva\/wp-json\/wp\/v2\/comments?post=243"}],"version-history":[{"count":1,"href":"https:\/\/nuevasalta.com.ar\/nueva\/wp-json\/wp\/v2\/posts\/243\/revisions"}],"predecessor-version":[{"id":245,"href":"https:\/\/nuevasalta.com.ar\/nueva\/wp-json\/wp\/v2\/posts\/243\/revisions\/245"}],"wp:featuredmedia":[{"embeddable":true,"href":"https:\/\/nuevasalta.com.ar\/nueva\/wp-json\/wp\/v2\/media\/244"}],"wp:attachment":[{"href":"https:\/\/nuevasalta.com.ar\/nueva\/wp-json\/wp\/v2\/media?parent=243"}],"wp:term":[{"taxonomy":"category","embeddable":true,"href":"https:\/\/nuevasalta.com.ar\/nueva\/wp-json\/wp\/v2\/categories?post=243"},{"taxonomy":"post_tag","embeddable":true,"href":"https:\/\/nuevasalta.com.ar\/nueva\/wp-json\/wp\/v2\/tags?post=243"}],"curies":[{"name":"wp","href":"https:\/\/api.w.org\/{rel}","templated":true}]}}